{"id":232,"date":"2025-09-15T19:43:37","date_gmt":"2025-09-15T19:43:37","guid":{"rendered":"http:\/\/ewjirds.cluster100.hosting.ovh.net\/?p=232"},"modified":"2025-09-14T19:44:13","modified_gmt":"2025-09-14T19:44:13","slug":"salon-internationale-du-patrimoine-culturel","status":"publish","type":"post","link":"http:\/\/ewjirds.cluster100.hosting.ovh.net\/index.php\/2025\/09\/15\/salon-internationale-du-patrimoine-culturel\/","title":{"rendered":"Salon International du Patrimoine Culturel"},"content":{"rendered":"\n<p><strong>Le rendez-vous incontournable du patrimoine culturel<\/strong><\/p>\n\n\n\n<p>Depuis plus de 30 ans, le\u00a0<strong>Salon International du Patrimoine Culturel<\/strong>, organis\u00e9 par\u00a0<strong>Ateliers d\u2019Art de France<\/strong>, r\u00e9unit au\u00a0<strong>Carrousel du Louvre<\/strong>\u00a0plus de 300 exposants autour de la pr\u00e9servation et de la transmission du patrimoine. M\u00e9tiers d\u2019art, restauration, entreprises du patrimoine b\u00e2ti, fournisseurs, architectes, \u00e9coles, associations\u2026 Tous les acteurs du secteur s\u2019y retrouvent pour 4 jours de rencontres et d\u2019\u00e9changes.<br>Premier \u00e9v\u00e9nement professionnel et institutionnel d\u00e9di\u00e9 au\u00a0<strong>patrimoine culturel en France<\/strong>, ce salon unique met en lumi\u00e8re plus de 40 m\u00e9tiers, et attire prescripteurs, propri\u00e9taires, passionn\u00e9s et \u00e9tudiants en qu\u00eate de formation.<\/p>\n\n\n\n<p><a href=\"https:\/\/www.patrimoineculturel.com\/\" target=\"_blank\" rel=\"noreferrer noopener\">www.patrimoineculturel.com<\/a><\/p>\n","protected":false},"excerpt":{"rendered":"<p>Le rendez-vous incontournable du patrimoine culturel Depuis plus de 30 ans, le\u00a0Salon International du Patrimoine Culturel, organis\u00e9 par\u00a0Ateliers d\u2019Art de France, r\u00e9unit au\u00a0Carrousel du Louvre\u00a0plus de 300 exposants autour de&hellip;<\/p>\n","protected":false},"author":1,"featured_media":0,"comment_status":"closed","ping_status":"open","sticky":false,"template":"","format":"standard","meta":{"footnotes":""},"categories":[9],"tags":[],"class_list":["post-232","post","type-post","status-publish","format-standard","hentry","category-evenement"],"_links":{"self":[{"href":"http:\/\/ewjirds.cluster100.hosting.ovh.net\/index.php\/wp-json\/wp\/v2\/posts\/232","targetHints":{"allow":["GET"]}}],"collection":[{"href":"http:\/\/ewjirds.cluster100.hosting.ovh.net\/index.php\/wp-json\/wp\/v2\/posts"}],"about":[{"href":"http:\/\/ewjirds.cluster100.hosting.ovh.net\/index.php\/wp-json\/wp\/v2\/types\/post"}],"author":[{"embeddable":true,"href":"http:\/\/ewjirds.cluster100.hosting.ovh.net\/index.php\/wp-json\/wp\/v2\/users\/1"}],"replies":[{"embeddable":true,"href":"http:\/\/ewjirds.cluster100.hosting.ovh.net\/index.php\/wp-json\/wp\/v2\/comments?post=232"}],"version-history":[{"count":2,"href":"http:\/\/ewjirds.cluster100.hosting.ovh.net\/index.php\/wp-json\/wp\/v2\/posts\/232\/revisions"}],"predecessor-version":[{"id":234,"href":"http:\/\/ewjirds.cluster100.hosting.ovh.net\/index.php\/wp-json\/wp\/v2\/posts\/232\/revisions\/234"}],"wp:attachment":[{"href":"http:\/\/ewjirds.cluster100.hosting.ovh.net\/index.php\/wp-json\/wp\/v2\/media?parent=232"}],"wp:term":[{"taxonomy":"category","embeddable":true,"href":"http:\/\/ewjirds.cluster100.hosting.ovh.net\/index.php\/wp-json\/wp\/v2\/categories?post=232"},{"taxonomy":"post_tag","embeddable":true,"href":"http:\/\/ewjirds.cluster100.hosting.ovh.net\/index.php\/wp-json\/wp\/v2\/tags?post=232"}],"curies":[{"name":"wp","href":"https:\/\/api.w.org\/{rel}","templated":true}]}}