{"id":190,"date":"2025-09-14T01:44:40","date_gmt":"2025-09-14T01:44:40","guid":{"rendered":"http:\/\/ewjirds.cluster100.hosting.ovh.net\/?p=190"},"modified":"2025-09-14T01:45:53","modified_gmt":"2025-09-14T01:45:53","slug":"journees-nationales-de-larchitecture-2025","status":"publish","type":"post","link":"http:\/\/ewjirds.cluster100.hosting.ovh.net\/index.php\/2025\/09\/14\/journees-nationales-de-larchitecture-2025\/","title":{"rendered":"Journ\u00e9es nationales de l&rsquo;architecture 2025"},"content":{"rendered":"\n<p><strong>\u00ab Architectures du quotidien \u00bb, une th\u00e9matique au c\u0153ur des usages<\/strong><\/p>\n\n\n\n<p>Sous le th\u00e8me \u00ab&nbsp;Architectures du quotidien&nbsp;\u00bb, les Journ\u00e9es nationales de l\u2019architecture invitent \u00e0 voir diff\u00e9remment ces constructions quotidiennes qui jouent un r\u00f4le fondamental dans notre bien-\u00eatre, notre sant\u00e9, nos d\u00e9placements ou notre fa\u00e7on de vivre ensemble. Des lieux que l\u2019on emprunte ou que l\u2019on traverse chaque jour comme nos maisons, \u00e9coles, \u00e9quipements sportifs, commerces, lieux de travail, infrastructures publiques, etc., et avec lesquels il est possible d\u2019interagir \u00e0 l\u2019image des tiers-lieux, jardins partag\u00e9s, habitats participatifs ou encore chantiers b\u00e9n\u00e9voles. L\u2019architecture est plurielle, elle croise les styles, les \u00e9poques et fa\u00e7onne notre cadre de vie.<\/p>\n\n\n\n<p><strong>\u00ab Levez les yeux ! \u00bb : un temps fort pour les scolaires d\u00e8s le jeudi 16 octobre<\/strong><\/p>\n\n\n\n<p>Comme chaque ann\u00e9e, l\u2019op\u00e9ration \u00ab Levez les yeux ! \u00bb, men\u00e9e en partenariat avec le minist\u00e8re de l\u2019\u00c9ducation nationale, de l\u2019Enseignement sup\u00e9rieur et de la Recherche, invite les \u00e9l\u00e8ves, de la maternelle \u00e0 la terminale, \u00e0 s\u2019initier \u00e0 la lecture du paysage urbain et architectural. Cependant, en raison de la proximit\u00e9 des vacances scolaires, cette op\u00e9ration, initialement programm\u00e9e le vendredi, se tiendra \u00e9galement le jeudi, offrant ainsi aux Journ\u00e9es nationales de l\u2019architecture une amplitude in\u00e9dite de quatre jours.<\/p>\n\n\n\n<p><a href=\"https:\/\/journeesarchitecture.culture.gouv.fr\" target=\"_blank\" rel=\"noreferrer noopener\">journeesarchitecture.culture.gouv.fr<\/a><\/p>\n","protected":false},"excerpt":{"rendered":"<p>\u00ab Architectures du quotidien \u00bb, une th\u00e9matique au c\u0153ur des usages Sous le th\u00e8me \u00ab&nbsp;Architectures du quotidien&nbsp;\u00bb, les Journ\u00e9es nationales de l\u2019architecture invitent \u00e0 voir diff\u00e9remment ces constructions quotidiennes qui&hellip;<\/p>\n","protected":false},"author":1,"featured_media":0,"comment_status":"closed","ping_status":"open","sticky":false,"template":"","format":"standard","meta":{"footnotes":""},"categories":[9],"tags":[],"class_list":["post-190","post","type-post","status-publish","format-standard","hentry","category-evenement"],"_links":{"self":[{"href":"http:\/\/ewjirds.cluster100.hosting.ovh.net\/index.php\/wp-json\/wp\/v2\/posts\/190","targetHints":{"allow":["GET"]}}],"collection":[{"href":"http:\/\/ewjirds.cluster100.hosting.ovh.net\/index.php\/wp-json\/wp\/v2\/posts"}],"about":[{"href":"http:\/\/ewjirds.cluster100.hosting.ovh.net\/index.php\/wp-json\/wp\/v2\/types\/post"}],"author":[{"embeddable":true,"href":"http:\/\/ewjirds.cluster100.hosting.ovh.net\/index.php\/wp-json\/wp\/v2\/users\/1"}],"replies":[{"embeddable":true,"href":"http:\/\/ewjirds.cluster100.hosting.ovh.net\/index.php\/wp-json\/wp\/v2\/comments?post=190"}],"version-history":[{"count":1,"href":"http:\/\/ewjirds.cluster100.hosting.ovh.net\/index.php\/wp-json\/wp\/v2\/posts\/190\/revisions"}],"predecessor-version":[{"id":193,"href":"http:\/\/ewjirds.cluster100.hosting.ovh.net\/index.php\/wp-json\/wp\/v2\/posts\/190\/revisions\/193"}],"wp:attachment":[{"href":"http:\/\/ewjirds.cluster100.hosting.ovh.net\/index.php\/wp-json\/wp\/v2\/media?parent=190"}],"wp:term":[{"taxonomy":"category","embeddable":true,"href":"http:\/\/ewjirds.cluster100.hosting.ovh.net\/index.php\/wp-json\/wp\/v2\/categories?post=190"},{"taxonomy":"post_tag","embeddable":true,"href":"http:\/\/ewjirds.cluster100.hosting.ovh.net\/index.php\/wp-json\/wp\/v2\/tags?post=190"}],"curies":[{"name":"wp","href":"https:\/\/api.w.org\/{rel}","templated":true}]}}