{"id":187,"date":"2025-09-12T01:39:30","date_gmt":"2025-09-12T01:39:30","guid":{"rendered":"http:\/\/ewjirds.cluster100.hosting.ovh.net\/?p=187"},"modified":"2025-09-14T01:47:49","modified_gmt":"2025-09-14T01:47:49","slug":"les-journees-europennes-du-patrimoine-2025","status":"publish","type":"post","link":"http:\/\/ewjirds.cluster100.hosting.ovh.net\/index.php\/2025\/09\/12\/les-journees-europennes-du-patrimoine-2025\/","title":{"rendered":"Journ\u00e9es Europ\u00e9ennes du Patrimoine 2025"},"content":{"rendered":"\n<p><strong>Le patrimoine architectural, la th\u00e9matique 2025<\/strong><\/p>\n\n\n\n<p>En 2025, les Journ\u00e9es europ\u00e9ennes du patrimoine seront consacr\u00e9es au\u00a0<strong>patrimoine architectural<\/strong>, qui fa\u00e7onne nos paysages et notre m\u00e9moire culturelle. Selon la d\u00e9finition de l\u2019Acad\u00e9mie fran\u00e7aise, l\u2019architecture est \u00ab\u00a0l\u2019art de construire, de disposer ou d\u2019orner des \u00e9difices\u00a0\u00bb. Le th\u00e8me de cette ann\u00e9e mettra ainsi l\u2019accent sur les r\u00e9alisations artistiques et techniques de l&rsquo;architecture qui, au-del\u00e0 de leurs fonctions et usages qui \u00e9voluent au cours des temps, constituent souvent un point de rep\u00e8re important tant du point de vue de l&rsquo;histoire locale, nationale et europ\u00e9enne que de la m\u00e9moire collective.<\/p>\n\n\n\n<p><a href=\"https:\/\/journeesdupatrimoine.culture.gouv.fr\" target=\"_blank\" rel=\"noreferrer noopener\">journeesdupatrimoine.culture.gouv.fr<\/a><\/p>\n\n\n\n<p><strong>Avec \u00ab Levez les yeux ! \u00bb, le patrimoine s\u2019ouvre au public scolaire<\/strong><\/p>\n\n\n\n<p>Le temps d\u2019une journ\u00e9e, les \u00e9l\u00e8ves et leurs enseignants b\u00e9n\u00e9ficient d\u2019un acc\u00e8s privil\u00e9gi\u00e9 aux sites patrimoniaux, dans le cadre de l\u2019op\u00e9ration nationale \u00ab Levez les yeux ! \u00bb. Ces visites d\u00e9di\u00e9es au public scolaire auront lieu le vendredi 19 septembre, la veille des Journ\u00e9es europ\u00e9ennes du patrimoine.<\/p>\n\n\n\n<p><a href=\"https:\/\/journeesdupatrimoine.culture.gouv.fr\/actualites\/avec-levez-les-yeux-!-le-patrimoine-s-ouvre-au-public-scolaire\" target=\"_blank\" rel=\"noreferrer noopener\">Levez les yeux<\/a><\/p>\n","protected":false},"excerpt":{"rendered":"<p>Le patrimoine architectural, la th\u00e9matique 2025 En 2025, les Journ\u00e9es europ\u00e9ennes du patrimoine seront consacr\u00e9es au\u00a0patrimoine architectural, qui fa\u00e7onne nos paysages et notre m\u00e9moire culturelle. Selon la d\u00e9finition de l\u2019Acad\u00e9mie&hellip;<\/p>\n","protected":false},"author":1,"featured_media":0,"comment_status":"closed","ping_status":"open","sticky":false,"template":"","format":"standard","meta":{"footnotes":""},"categories":[9],"tags":[],"class_list":["post-187","post","type-post","status-publish","format-standard","hentry","category-evenement"],"_links":{"self":[{"href":"http:\/\/ewjirds.cluster100.hosting.ovh.net\/index.php\/wp-json\/wp\/v2\/posts\/187","targetHints":{"allow":["GET"]}}],"collection":[{"href":"http:\/\/ewjirds.cluster100.hosting.ovh.net\/index.php\/wp-json\/wp\/v2\/posts"}],"about":[{"href":"http:\/\/ewjirds.cluster100.hosting.ovh.net\/index.php\/wp-json\/wp\/v2\/types\/post"}],"author":[{"embeddable":true,"href":"http:\/\/ewjirds.cluster100.hosting.ovh.net\/index.php\/wp-json\/wp\/v2\/users\/1"}],"replies":[{"embeddable":true,"href":"http:\/\/ewjirds.cluster100.hosting.ovh.net\/index.php\/wp-json\/wp\/v2\/comments?post=187"}],"version-history":[{"count":4,"href":"http:\/\/ewjirds.cluster100.hosting.ovh.net\/index.php\/wp-json\/wp\/v2\/posts\/187\/revisions"}],"predecessor-version":[{"id":194,"href":"http:\/\/ewjirds.cluster100.hosting.ovh.net\/index.php\/wp-json\/wp\/v2\/posts\/187\/revisions\/194"}],"wp:attachment":[{"href":"http:\/\/ewjirds.cluster100.hosting.ovh.net\/index.php\/wp-json\/wp\/v2\/media?parent=187"}],"wp:term":[{"taxonomy":"category","embeddable":true,"href":"http:\/\/ewjirds.cluster100.hosting.ovh.net\/index.php\/wp-json\/wp\/v2\/categories?post=187"},{"taxonomy":"post_tag","embeddable":true,"href":"http:\/\/ewjirds.cluster100.hosting.ovh.net\/index.php\/wp-json\/wp\/v2\/tags?post=187"}],"curies":[{"name":"wp","href":"https:\/\/api.w.org\/{rel}","templated":true}]}}